{"id":2995,"date":"2024-09-20T07:20:47","date_gmt":"2024-09-20T07:20:47","guid":{"rendered":"https:\/\/hirekin.net\/?p=2995"},"modified":"2024-09-20T07:22:41","modified_gmt":"2024-09-20T07:22:41","slug":"hirekin-elkarteak-sareen-sarearen-bidez-parte-hartu-zuen-gizarte-ekintzako-hirugarren-sektoreko-erakundeen-finantzaketa-azterlanean","status":"publish","type":"post","link":"https:\/\/hirekin.net\/eu\/hirekin-elkarteak-sareen-sarearen-bidez-parte-hartu-zuen-gizarte-ekintzako-hirugarren-sektoreko-erakundeen-finantzaketa-azterlanean\/","title":{"rendered":"Hirekin elkarteak Sareen Sarearen bidez parte hartu zuen &#8220;Gizarte-ekintzako hirugarren sektoreko erakundeen finantzaketa&#8221; azterlanean"},"content":{"rendered":"\n<p><br>Ferrer i Gu\u00e0rdia Fundazioak &#8220;La financiaci\u00f3n de las entidades del Tercer Sector de Acci\u00f3n Social (TSAS)&#8221; estatu-mailako azterlanaren bigarren edizioari ekin dio, eta Sareen Sarea gonbidatu du parte hartzera.<\/p>\n\n\n\n<p>Gure ildo estrategikoetako bat denez, Hirekin Sareen Sarearen ordezkari gisa parte hartzen dugu azterlan honetan. Bertan, sektoreak hainbat erkidegotan (Katalunia, Euskadi, Madril, Gaztela-Mantxa eta Andaluzia) gaur egun dituen finantzaketa-iturriak aztertzen ari gara, bai eta horiek dibertsifikatzeko estrategiak garatzen ere.<\/p>\n\n\n\n<p>Azterlana 2024an egingo da, jardunaldi batekin amaitzeko. Jardunaldi horretan identifikatutako erronka nagusiak eta sektorerako finantzaketa-eredu jasangarri baten definizioan aurrera egiteko proposamenak aurkeztuko dira.<br><br><\/p>\n","protected":false},"excerpt":{"rendered":"<p>Ferrer i Gu\u00e0rdia Fundazioak &#8220;La financiaci\u00f3n de las entidades del Tercer Sector de Acci\u00f3n Social (TSAS)&#8221; estatu-mailako azterlanaren bigarren edizioari ekin dio, eta Sareen Sarea gonbidatu du parte hartzera. Gure ildo estrategikoetako bat denez, Hirekin Sareen Sarearen ordezkari gisa parte hartzen dugu azterlan honetan. Bertan, sektoreak hainbat erkidegotan (Katalunia, Euskadi, Madril, Gaztela-Mantxa eta Andaluzia) gaur &#8230; <a title=\"Hirekin elkarteak Sareen Sarearen bidez parte hartu zuen &#8220;Gizarte-ekintzako hirugarren sektoreko erakundeen finantzaketa&#8221; azterlanean\" class=\"read-more\" href=\"https:\/\/hirekin.net\/eu\/hirekin-elkarteak-sareen-sarearen-bidez-parte-hartu-zuen-gizarte-ekintzako-hirugarren-sektoreko-erakundeen-finantzaketa-azterlanean\/\" aria-label=\"Read more about Hirekin elkarteak Sareen Sarearen bidez parte hartu zuen &#8220;Gizarte-ekintzako hirugarren sektoreko erakundeen finantzaketa&#8221; azterlanean\">Read more<\/a><\/p>\n","protected":false},"author":5,"featured_media":3007,"comment_status":"closed","ping_status":"closed","sticky":false,"template":"","format":"standard","meta":{"footnotes":""},"categories":[47],"tags":[],"class_list":["post-2995","post","type-post","status-publish","format-standard","has-post-thumbnail","hentry","category-hirekin-gara"],"_links":{"self":[{"href":"https:\/\/hirekin.net\/eu\/wp-json\/wp\/v2\/posts\/2995","targetHints":{"allow":["GET"]}}],"collection":[{"href":"https:\/\/hirekin.net\/eu\/wp-json\/wp\/v2\/posts"}],"about":[{"href":"https:\/\/hirekin.net\/eu\/wp-json\/wp\/v2\/types\/post"}],"author":[{"embeddable":true,"href":"https:\/\/hirekin.net\/eu\/wp-json\/wp\/v2\/users\/5"}],"replies":[{"embeddable":true,"href":"https:\/\/hirekin.net\/eu\/wp-json\/wp\/v2\/comments?post=2995"}],"version-history":[{"count":2,"href":"https:\/\/hirekin.net\/eu\/wp-json\/wp\/v2\/posts\/2995\/revisions"}],"predecessor-version":[{"id":2997,"href":"https:\/\/hirekin.net\/eu\/wp-json\/wp\/v2\/posts\/2995\/revisions\/2997"}],"wp:featuredmedia":[{"embeddable":true,"href":"https:\/\/hirekin.net\/eu\/wp-json\/wp\/v2\/media\/3007"}],"wp:attachment":[{"href":"https:\/\/hirekin.net\/eu\/wp-json\/wp\/v2\/media?parent=2995"}],"wp:term":[{"taxonomy":"category","embeddable":true,"href":"https:\/\/hirekin.net\/eu\/wp-json\/wp\/v2\/categories?post=2995"},{"taxonomy":"post_tag","embeddable":true,"href":"https:\/\/hirekin.net\/eu\/wp-json\/wp\/v2\/tags?post=2995"}],"curies":[{"name":"wp","href":"https:\/\/api.w.org\/{rel}","templated":true}]}}